{"id":5530,"date":"2025-11-09T18:20:50","date_gmt":"2025-11-09T17:20:50","guid":{"rendered":"https:\/\/gcuzhethz.ch\/?p=5530"},"modified":"2025-11-11T18:22:41","modified_gmt":"2025-11-11T17:22:41","slug":"generalversammlung-2025-neuer-vorstand-und-statutenaenderungen","status":"publish","type":"post","link":"https:\/\/gcuzhethz.ch\/en\/generalversammlung-2025-neuer-vorstand-und-statutenaenderungen\/","title":{"rendered":"General Assembly 2025 - New Board members and change of our statutes"},"content":{"rendered":"<p>This year's general assembly took place on November 8th at the Restaurant The Grain in Zurich.  Beforehand, some of the participants played Blacklight-Minigolf in Winterhur. <\/p>\n\n\n\n<figure class=\"wp-block-image size-large\"><img loading=\"lazy\" decoding=\"async\" width=\"1024\" height=\"772\" src=\"https:\/\/gcuzhethz.ch\/wp-content\/uploads\/Bildschirmfoto-2025-11-11-um-18.19.06-1024x772.png\" alt=\"\" class=\"wp-image-5535\" srcset=\"https:\/\/gcuzhethz.ch\/wp-content\/uploads\/Bildschirmfoto-2025-11-11-um-18.19.06-1024x772.png 1024w, https:\/\/gcuzhethz.ch\/wp-content\/uploads\/Bildschirmfoto-2025-11-11-um-18.19.06-300x226.png 300w, https:\/\/gcuzhethz.ch\/wp-content\/uploads\/Bildschirmfoto-2025-11-11-um-18.19.06-768x579.png 768w, https:\/\/gcuzhethz.ch\/wp-content\/uploads\/Bildschirmfoto-2025-11-11-um-18.19.06-16x12.png 16w, https:\/\/gcuzhethz.ch\/wp-content\/uploads\/Bildschirmfoto-2025-11-11-um-18.19.06-1200x905.png 1200w, https:\/\/gcuzhethz.ch\/wp-content\/uploads\/Bildschirmfoto-2025-11-11-um-18.19.06.png 1228w\" sizes=\"auto, (max-width: 709px) 85vw, (max-width: 909px) 67vw, (max-width: 1362px) 62vw, 840px\" \/><\/figure>\n\n\n\n<p>Apart from a season review, the acceptance of the budget for 2026, the election of new Board members and honorary members, the general assembly also voted for some changes in our statues, as the possibility to introduce categories for our members (as students and alumnis). <\/p>\n\n\n\n<figure class=\"wp-block-image size-large\"><img loading=\"lazy\" decoding=\"async\" width=\"1024\" height=\"619\" src=\"https:\/\/gcuzhethz.ch\/wp-content\/uploads\/Bildschirmfoto-2025-11-11-um-18.15.04-2-1024x619.png\" alt=\"\" class=\"wp-image-5534\" srcset=\"https:\/\/gcuzhethz.ch\/wp-content\/uploads\/Bildschirmfoto-2025-11-11-um-18.15.04-2-1024x619.png 1024w, https:\/\/gcuzhethz.ch\/wp-content\/uploads\/Bildschirmfoto-2025-11-11-um-18.15.04-2-300x181.png 300w, https:\/\/gcuzhethz.ch\/wp-content\/uploads\/Bildschirmfoto-2025-11-11-um-18.15.04-2-768x464.png 768w, https:\/\/gcuzhethz.ch\/wp-content\/uploads\/Bildschirmfoto-2025-11-11-um-18.15.04-2-18x12.png 18w, https:\/\/gcuzhethz.ch\/wp-content\/uploads\/Bildschirmfoto-2025-11-11-um-18.15.04-2.png 1174w\" sizes=\"auto, (max-width: 709px) 85vw, (max-width: 909px) 67vw, (max-width: 1362px) 62vw, 840px\" \/><\/figure>\n\n\n\n<p><em>Overview of the new Board:<\/em> <br><strong>President: <\/strong>Friedrich Rockenbauer<br><strong>Vice president (and trainings): <\/strong>Axelle Wille<br><strong>Treasurer: <\/strong>Michael Frick<br><strong>Membership affairs: <\/strong>Nick Hesselbach<br><strong>Social Media\/PR:<\/strong> Janne Berger<br><strong>Sponsoring\/ER &amp; Merchandise: <\/strong>Julius K\u00f6nig<br><strong>IT: <\/strong>Julius Jung<\/p>","protected":false},"excerpt":{"rendered":"<p>This year's general assembly took place on November 8th at the Restaurant The Grain in Zurich.  Beforehand, some of the participants played Blacklight-Minigolf in Winterhur... <a href=\"https:\/\/gcuzhethz.ch\/en\/generalversammlung-2025-neuer-vorstand-und-statutenaenderungen\/\" class=\"more-link\">Continue reading<span class=\"screen-reader-text\"> &#8222;Generalversammlung 2025 &#8211; neuer Vorstand und Statuten\u00e4nderungen&#8220;<\/span><\/a><\/p>","protected":false},"author":1,"featured_media":0,"comment_status":"closed","ping_status":"open","sticky":false,"template":"","format":"standard","meta":{"footnotes":""},"categories":[1],"tags":[],"class_list":["post-5530","post","type-post","status-publish","format-standard","hentry","category-allgemein"],"yoast_head":"<!-- This site is optimized with the Yoast SEO plugin v26.4 - https:\/\/yoast.com\/wordpress\/plugins\/seo\/ -->\n<title>Generalversammlung 2025 - neuer Vorstand und Statuten\u00e4nderungen - Golfclub UZH &amp; ETHZ<\/title>\n<meta name=\"robots\" content=\"index, follow, max-snippet:-1, max-image-preview:large, max-video-preview:-1\" \/>\n<link rel=\"canonical\" href=\"https:\/\/gcuzhethz.ch\/en\/generalversammlung-2025-neuer-vorstand-und-statutenaenderungen\/\" \/>\n<meta property=\"og:locale\" content=\"en_GB\" \/>\n<meta property=\"og:type\" content=\"article\" \/>\n<meta property=\"og:title\" content=\"Generalversammlung 2025 - neuer Vorstand und Statuten\u00e4nderungen - Golfclub UZH &amp; ETHZ\" \/>\n<meta property=\"og:description\" content=\"Die diesj\u00e4hrige Generalversammlung fand am 08. November im Restaurant The Grain in Z\u00fcrich statt. Im Vorfeld haben einige Teilnehmer in Winterthur Schwarzlicht-Minigolf gespielt. Die GV beinhaltete einen R\u00fcckblick auf die &hellip; Continue reading &quot;Generalversammlung 2025 &#8211; neuer Vorstand und Statuten\u00e4nderungen&quot;\" \/>\n<meta property=\"og:url\" content=\"https:\/\/gcuzhethz.ch\/en\/generalversammlung-2025-neuer-vorstand-und-statutenaenderungen\/\" \/>\n<meta property=\"og:site_name\" content=\"Golfclub UZH &amp; ETHZ\" \/>\n<meta property=\"article:publisher\" content=\"https:\/\/www.facebook.com\/groups\/22892818878\/\" \/>\n<meta property=\"article:published_time\" content=\"2025-11-09T17:20:50+00:00\" \/>\n<meta property=\"article:modified_time\" content=\"2025-11-11T17:22:41+00:00\" \/>\n<meta property=\"og:image\" content=\"https:\/\/gcuzhethz.ch\/wp-content\/uploads\/Bildschirmfoto-2025-11-11-um-18.19.06.png\" \/>\n\t<meta property=\"og:image:width\" content=\"1228\" \/>\n\t<meta property=\"og:image:height\" content=\"926\" \/>\n\t<meta property=\"og:image:type\" content=\"image\/png\" \/>\n<meta name=\"author\" content=\"Admin\" \/>\n<meta name=\"twitter:card\" content=\"summary_large_image\" \/>\n<meta name=\"twitter:label1\" content=\"Written by\" \/>\n\t<meta name=\"twitter:data1\" content=\"Admin\" \/>\n\t<meta name=\"twitter:label2\" content=\"Estimated reading time\" \/>\n\t<meta name=\"twitter:data2\" content=\"1 minute\" \/>\n<script type=\"application\/ld+json\" class=\"yoast-schema-graph\">{\"@context\":\"https:\/\/schema.org\",\"@graph\":[{\"@type\":\"Article\",\"@id\":\"https:\/\/gcuzhethz.ch\/generalversammlung-2025-neuer-vorstand-und-statutenaenderungen\/#article\",\"isPartOf\":{\"@id\":\"https:\/\/gcuzhethz.ch\/generalversammlung-2025-neuer-vorstand-und-statutenaenderungen\/\"},\"author\":{\"name\":\"Admin\",\"@id\":\"https:\/\/gcuzhethz.ch\/#\/schema\/person\/986c568afe5c1d97b1ba13e2b08f01e7\"},\"headline\":\"Generalversammlung 2025 &#8211; neuer Vorstand und Statuten\u00e4nderungen\",\"datePublished\":\"2025-11-09T17:20:50+00:00\",\"dateModified\":\"2025-11-11T17:22:41+00:00\",\"mainEntityOfPage\":{\"@id\":\"https:\/\/gcuzhethz.ch\/generalversammlung-2025-neuer-vorstand-und-statutenaenderungen\/\"},\"wordCount\":114,\"publisher\":{\"@id\":\"https:\/\/gcuzhethz.ch\/#organization\"},\"image\":{\"@id\":\"https:\/\/gcuzhethz.ch\/generalversammlung-2025-neuer-vorstand-und-statutenaenderungen\/#primaryimage\"},\"thumbnailUrl\":\"https:\/\/gcuzhethz.ch\/wp-content\/uploads\/Bildschirmfoto-2025-11-11-um-18.19.06-1024x772.png\",\"articleSection\":[\"Allgemein\"],\"inLanguage\":\"en-GB\"},{\"@type\":\"WebPage\",\"@id\":\"https:\/\/gcuzhethz.ch\/generalversammlung-2025-neuer-vorstand-und-statutenaenderungen\/\",\"url\":\"https:\/\/gcuzhethz.ch\/generalversammlung-2025-neuer-vorstand-und-statutenaenderungen\/\",\"name\":\"Generalversammlung 2025 - neuer Vorstand und Statuten\u00e4nderungen - Golfclub UZH &amp; ETHZ\",\"isPartOf\":{\"@id\":\"https:\/\/gcuzhethz.ch\/#website\"},\"primaryImageOfPage\":{\"@id\":\"https:\/\/gcuzhethz.ch\/generalversammlung-2025-neuer-vorstand-und-statutenaenderungen\/#primaryimage\"},\"image\":{\"@id\":\"https:\/\/gcuzhethz.ch\/generalversammlung-2025-neuer-vorstand-und-statutenaenderungen\/#primaryimage\"},\"thumbnailUrl\":\"https:\/\/gcuzhethz.ch\/wp-content\/uploads\/Bildschirmfoto-2025-11-11-um-18.19.06-1024x772.png\",\"datePublished\":\"2025-11-09T17:20:50+00:00\",\"dateModified\":\"2025-11-11T17:22:41+00:00\",\"breadcrumb\":{\"@id\":\"https:\/\/gcuzhethz.ch\/generalversammlung-2025-neuer-vorstand-und-statutenaenderungen\/#breadcrumb\"},\"inLanguage\":\"en-GB\",\"potentialAction\":[{\"@type\":\"ReadAction\",\"target\":[\"https:\/\/gcuzhethz.ch\/generalversammlung-2025-neuer-vorstand-und-statutenaenderungen\/\"]}]},{\"@type\":\"ImageObject\",\"inLanguage\":\"en-GB\",\"@id\":\"https:\/\/gcuzhethz.ch\/generalversammlung-2025-neuer-vorstand-und-statutenaenderungen\/#primaryimage\",\"url\":\"https:\/\/gcuzhethz.ch\/wp-content\/uploads\/Bildschirmfoto-2025-11-11-um-18.19.06-1024x772.png\",\"contentUrl\":\"https:\/\/gcuzhethz.ch\/wp-content\/uploads\/Bildschirmfoto-2025-11-11-um-18.19.06-1024x772.png\"},{\"@type\":\"BreadcrumbList\",\"@id\":\"https:\/\/gcuzhethz.ch\/generalversammlung-2025-neuer-vorstand-und-statutenaenderungen\/#breadcrumb\",\"itemListElement\":[{\"@type\":\"ListItem\",\"position\":1,\"name\":\"Startseite\",\"item\":\"https:\/\/gcuzhethz.ch\/\"},{\"@type\":\"ListItem\",\"position\":2,\"name\":\"Generalversammlung 2025 &#8211; neuer Vorstand und Statuten\u00e4nderungen\"}]},{\"@type\":\"WebSite\",\"@id\":\"https:\/\/gcuzhethz.ch\/#website\",\"url\":\"https:\/\/gcuzhethz.ch\/\",\"name\":\"Golfclub UZH &amp; ETHZ\",\"description\":\"Golfclub der Universit\u00e4t Z\u00fcrich und ETH Z\u00fcrich\",\"publisher\":{\"@id\":\"https:\/\/gcuzhethz.ch\/#organization\"},\"alternateName\":\"Golfclub UZH und ETHZ\",\"potentialAction\":[{\"@type\":\"SearchAction\",\"target\":{\"@type\":\"EntryPoint\",\"urlTemplate\":\"https:\/\/gcuzhethz.ch\/?s={search_term_string}\"},\"query-input\":{\"@type\":\"PropertyValueSpecification\",\"valueRequired\":true,\"valueName\":\"search_term_string\"}}],\"inLanguage\":\"en-GB\"},{\"@type\":\"Organization\",\"@id\":\"https:\/\/gcuzhethz.ch\/#organization\",\"name\":\"Golfclub UZH &amp; ETHZ\",\"alternateName\":\"Golfclub UZH und ETHZ\",\"url\":\"https:\/\/gcuzhethz.ch\/\",\"logo\":{\"@type\":\"ImageObject\",\"inLanguage\":\"en-GB\",\"@id\":\"https:\/\/gcuzhethz.ch\/#\/schema\/logo\/image\/\",\"url\":\"https:\/\/gcuzhethz.ch\/wp-content\/uploads\/cropped-Logo_header-2.png\",\"contentUrl\":\"https:\/\/gcuzhethz.ch\/wp-content\/uploads\/cropped-Logo_header-2.png\",\"width\":240,\"height\":96,\"caption\":\"Golfclub UZH &amp; ETHZ\"},\"image\":{\"@id\":\"https:\/\/gcuzhethz.ch\/#\/schema\/logo\/image\/\"},\"sameAs\":[\"https:\/\/www.facebook.com\/groups\/22892818878\/\",\"https:\/\/www.instagram.com\/golfclubuzhethz\/\"]},{\"@type\":\"Person\",\"@id\":\"https:\/\/gcuzhethz.ch\/#\/schema\/person\/986c568afe5c1d97b1ba13e2b08f01e7\",\"name\":\"Admin\",\"url\":\"https:\/\/gcuzhethz.ch\/en\/author\/admin\/\"}]}<\/script>\n<!-- \/ Yoast SEO plugin. -->","yoast_head_json":{"title":"Generalversammlung 2025 - neuer Vorstand und Statuten\u00e4nderungen - Golfclub UZH &amp; ETHZ","robots":{"index":"index","follow":"follow","max-snippet":"max-snippet:-1","max-image-preview":"max-image-preview:large","max-video-preview":"max-video-preview:-1"},"canonical":"https:\/\/gcuzhethz.ch\/en\/generalversammlung-2025-neuer-vorstand-und-statutenaenderungen\/","og_locale":"en_GB","og_type":"article","og_title":"Generalversammlung 2025 - neuer Vorstand und Statuten\u00e4nderungen - Golfclub UZH &amp; ETHZ","og_description":"Die diesj\u00e4hrige Generalversammlung fand am 08. November im Restaurant The Grain in Z\u00fcrich statt. Im Vorfeld haben einige Teilnehmer in Winterthur Schwarzlicht-Minigolf gespielt. Die GV beinhaltete einen R\u00fcckblick auf die &hellip; Continue reading \"Generalversammlung 2025 &#8211; neuer Vorstand und Statuten\u00e4nderungen\"","og_url":"https:\/\/gcuzhethz.ch\/en\/generalversammlung-2025-neuer-vorstand-und-statutenaenderungen\/","og_site_name":"Golfclub UZH &amp; ETHZ","article_publisher":"https:\/\/www.facebook.com\/groups\/22892818878\/","article_published_time":"2025-11-09T17:20:50+00:00","article_modified_time":"2025-11-11T17:22:41+00:00","og_image":[{"width":1228,"height":926,"url":"https:\/\/gcuzhethz.ch\/wp-content\/uploads\/Bildschirmfoto-2025-11-11-um-18.19.06.png","type":"image\/png"}],"author":"Admin","twitter_card":"summary_large_image","twitter_misc":{"Written by":"Admin","Estimated reading time":"1 minute"},"schema":{"@context":"https:\/\/schema.org","@graph":[{"@type":"Article","@id":"https:\/\/gcuzhethz.ch\/generalversammlung-2025-neuer-vorstand-und-statutenaenderungen\/#article","isPartOf":{"@id":"https:\/\/gcuzhethz.ch\/generalversammlung-2025-neuer-vorstand-und-statutenaenderungen\/"},"author":{"name":"Admin","@id":"https:\/\/gcuzhethz.ch\/#\/schema\/person\/986c568afe5c1d97b1ba13e2b08f01e7"},"headline":"Generalversammlung 2025 &#8211; neuer Vorstand und Statuten\u00e4nderungen","datePublished":"2025-11-09T17:20:50+00:00","dateModified":"2025-11-11T17:22:41+00:00","mainEntityOfPage":{"@id":"https:\/\/gcuzhethz.ch\/generalversammlung-2025-neuer-vorstand-und-statutenaenderungen\/"},"wordCount":114,"publisher":{"@id":"https:\/\/gcuzhethz.ch\/#organization"},"image":{"@id":"https:\/\/gcuzhethz.ch\/generalversammlung-2025-neuer-vorstand-und-statutenaenderungen\/#primaryimage"},"thumbnailUrl":"https:\/\/gcuzhethz.ch\/wp-content\/uploads\/Bildschirmfoto-2025-11-11-um-18.19.06-1024x772.png","articleSection":["Allgemein"],"inLanguage":"en-GB"},{"@type":"WebPage","@id":"https:\/\/gcuzhethz.ch\/generalversammlung-2025-neuer-vorstand-und-statutenaenderungen\/","url":"https:\/\/gcuzhethz.ch\/generalversammlung-2025-neuer-vorstand-und-statutenaenderungen\/","name":"Generalversammlung 2025 - neuer Vorstand und Statuten\u00e4nderungen - Golfclub UZH &amp; ETHZ","isPartOf":{"@id":"https:\/\/gcuzhethz.ch\/#website"},"primaryImageOfPage":{"@id":"https:\/\/gcuzhethz.ch\/generalversammlung-2025-neuer-vorstand-und-statutenaenderungen\/#primaryimage"},"image":{"@id":"https:\/\/gcuzhethz.ch\/generalversammlung-2025-neuer-vorstand-und-statutenaenderungen\/#primaryimage"},"thumbnailUrl":"https:\/\/gcuzhethz.ch\/wp-content\/uploads\/Bildschirmfoto-2025-11-11-um-18.19.06-1024x772.png","datePublished":"2025-11-09T17:20:50+00:00","dateModified":"2025-11-11T17:22:41+00:00","breadcrumb":{"@id":"https:\/\/gcuzhethz.ch\/generalversammlung-2025-neuer-vorstand-und-statutenaenderungen\/#breadcrumb"},"inLanguage":"en-GB","potentialAction":[{"@type":"ReadAction","target":["https:\/\/gcuzhethz.ch\/generalversammlung-2025-neuer-vorstand-und-statutenaenderungen\/"]}]},{"@type":"ImageObject","inLanguage":"en-GB","@id":"https:\/\/gcuzhethz.ch\/generalversammlung-2025-neuer-vorstand-und-statutenaenderungen\/#primaryimage","url":"https:\/\/gcuzhethz.ch\/wp-content\/uploads\/Bildschirmfoto-2025-11-11-um-18.19.06-1024x772.png","contentUrl":"https:\/\/gcuzhethz.ch\/wp-content\/uploads\/Bildschirmfoto-2025-11-11-um-18.19.06-1024x772.png"},{"@type":"BreadcrumbList","@id":"https:\/\/gcuzhethz.ch\/generalversammlung-2025-neuer-vorstand-und-statutenaenderungen\/#breadcrumb","itemListElement":[{"@type":"ListItem","position":1,"name":"Startseite","item":"https:\/\/gcuzhethz.ch\/"},{"@type":"ListItem","position":2,"name":"Generalversammlung 2025 &#8211; neuer Vorstand und Statuten\u00e4nderungen"}]},{"@type":"WebSite","@id":"https:\/\/gcuzhethz.ch\/#website","url":"https:\/\/gcuzhethz.ch\/","name":"Golfclub UZH &amp; ETHZ","description":"Golfclub der Universit\u00e4t Z\u00fcrich und ETH Z\u00fcrich","publisher":{"@id":"https:\/\/gcuzhethz.ch\/#organization"},"alternateName":"Golfclub UZH und ETHZ","potentialAction":[{"@type":"SearchAction","target":{"@type":"EntryPoint","urlTemplate":"https:\/\/gcuzhethz.ch\/?s={search_term_string}"},"query-input":{"@type":"PropertyValueSpecification","valueRequired":true,"valueName":"search_term_string"}}],"inLanguage":"en-GB"},{"@type":"Organization","@id":"https:\/\/gcuzhethz.ch\/#organization","name":"Golfclub UZH &amp; ETHZ","alternateName":"Golfclub UZH und ETHZ","url":"https:\/\/gcuzhethz.ch\/","logo":{"@type":"ImageObject","inLanguage":"en-GB","@id":"https:\/\/gcuzhethz.ch\/#\/schema\/logo\/image\/","url":"https:\/\/gcuzhethz.ch\/wp-content\/uploads\/cropped-Logo_header-2.png","contentUrl":"https:\/\/gcuzhethz.ch\/wp-content\/uploads\/cropped-Logo_header-2.png","width":240,"height":96,"caption":"Golfclub UZH &amp; ETHZ"},"image":{"@id":"https:\/\/gcuzhethz.ch\/#\/schema\/logo\/image\/"},"sameAs":["https:\/\/www.facebook.com\/groups\/22892818878\/","https:\/\/www.instagram.com\/golfclubuzhethz\/"]},{"@type":"Person","@id":"https:\/\/gcuzhethz.ch\/#\/schema\/person\/986c568afe5c1d97b1ba13e2b08f01e7","name":"Admin","url":"https:\/\/gcuzhethz.ch\/en\/author\/admin\/"}]}},"_links":{"self":[{"href":"https:\/\/gcuzhethz.ch\/en\/wp-json\/wp\/v2\/posts\/5530","targetHints":{"allow":["GET"]}}],"collection":[{"href":"https:\/\/gcuzhethz.ch\/en\/wp-json\/wp\/v2\/posts"}],"about":[{"href":"https:\/\/gcuzhethz.ch\/en\/wp-json\/wp\/v2\/types\/post"}],"author":[{"embeddable":true,"href":"https:\/\/gcuzhethz.ch\/en\/wp-json\/wp\/v2\/users\/1"}],"replies":[{"embeddable":true,"href":"https:\/\/gcuzhethz.ch\/en\/wp-json\/wp\/v2\/comments?post=5530"}],"version-history":[{"count":2,"href":"https:\/\/gcuzhethz.ch\/en\/wp-json\/wp\/v2\/posts\/5530\/revisions"}],"predecessor-version":[{"id":5536,"href":"https:\/\/gcuzhethz.ch\/en\/wp-json\/wp\/v2\/posts\/5530\/revisions\/5536"}],"wp:attachment":[{"href":"https:\/\/gcuzhethz.ch\/en\/wp-json\/wp\/v2\/media?parent=5530"}],"wp:term":[{"taxonomy":"category","embeddable":true,"href":"https:\/\/gcuzhethz.ch\/en\/wp-json\/wp\/v2\/categories?post=5530"},{"taxonomy":"post_tag","embeddable":true,"href":"https:\/\/gcuzhethz.ch\/en\/wp-json\/wp\/v2\/tags?post=5530"}],"curies":[{"name":"wp","href":"https:\/\/api.w.org\/{rel}","templated":true}]}}